{"id":2350,"date":"2024-09-12T10:14:57","date_gmt":"2024-09-12T14:14:57","guid":{"rendered":"https:\/\/autografo.tv\/?p=2350"},"modified":"2024-09-13T15:29:48","modified_gmt":"2024-09-13T19:29:48","slug":"jorge-luis-ramos-reafirma-su-admiracion-hacia-eugenio-maria-de-hostos-desde-el-arte-de-la-interpretacion","status":"publish","type":"post","link":"https:\/\/autografo.tv\/en\/jorge-luis-ramos-reafirma-su-admiracion-hacia-eugenio-maria-de-hostos-desde-el-arte-de-la-interpretacion\/","title":{"rendered":"Jorge Luis Ramos reafirma su admiraci\u00f3n hacia Eugenio Mar\u00eda de Hostos desde el arte de la interpretaci\u00f3n"},"content":{"rendered":"<h2 class=\"has-text-color has-link-color\" style=\"color:#8c4c9c;font-size:30px\"><strong>Jorge Luis Ramos reafirma su admiraci\u00f3n hacia Eugenio Mar\u00eda de Hostos desde el arte de la interpretaci\u00f3n<\/strong><\/h2>\n\n\n\n<p>Encontr\u00f3 semejanzas entre el pr\u00f3cer y su pap\u00e1, especialmente en su preocupaci\u00f3n por la salud.<\/p>\n\n\n\n<p>Por: Rosalina Marrero-Rodr\u00edguez<\/p>\n\n\n\n<div style=\"height:20px\" aria-hidden=\"true\" class=\"wp-block-spacer\"><\/div>\n\n\n\n<figure class=\"wp-block-image size-large\"><img fetchpriority=\"high\" decoding=\"async\" width=\"1024\" height=\"683\" src=\"https:\/\/autografo.tv\/wp-content\/uploads\/2024\/09\/20240729_AUTOGRAFO_MARIA-DE-HOSTOS_VSD-1-1024x683.jpg\" alt=\"\" class=\"wp-image-2354\" srcset=\"https:\/\/autografo.tv\/wp-content\/uploads\/2024\/09\/20240729_AUTOGRAFO_MARIA-DE-HOSTOS_VSD-1-1024x683.jpg 1024w, https:\/\/autografo.tv\/wp-content\/uploads\/2024\/09\/20240729_AUTOGRAFO_MARIA-DE-HOSTOS_VSD-1-300x200.jpg 300w, https:\/\/autografo.tv\/wp-content\/uploads\/2024\/09\/20240729_AUTOGRAFO_MARIA-DE-HOSTOS_VSD-1-768x512.jpg 768w, https:\/\/autografo.tv\/wp-content\/uploads\/2024\/09\/20240729_AUTOGRAFO_MARIA-DE-HOSTOS_VSD-1-1536x1024.jpg 1536w, https:\/\/autografo.tv\/wp-content\/uploads\/2024\/09\/20240729_AUTOGRAFO_MARIA-DE-HOSTOS_VSD-1.jpg 1920w\" sizes=\"(max-width: 1024px) 100vw, 1024px\" \/><\/figure>\n\n\n\n<div style=\"height:20px\" aria-hidden=\"true\" class=\"wp-block-spacer\"><\/div>\n\n\n\n<p>Entrar a un estudio de televisi\u00f3n y encontrarse a \u201cRam\u00f3n Emeterio Betances\u201d, \u201cEugenio Mar\u00eda de Hostos\u201d y \u201cFrancisco Oller\u201d ejecutando una coreograf\u00eda para un video breve de la red social Instagram es, sin duda, una escena surreal.<\/p>\n\n\n\n<figure class=\"wp-block-image size-large\"><img decoding=\"async\" width=\"1024\" height=\"683\" src=\"https:\/\/autografo.tv\/wp-content\/uploads\/2024\/09\/20240729_AUTOGRAFO_VSD-4-1024x683.jpg\" alt=\"\" class=\"wp-image-2364\" srcset=\"https:\/\/autografo.tv\/wp-content\/uploads\/2024\/09\/20240729_AUTOGRAFO_VSD-4-1024x683.jpg 1024w, https:\/\/autografo.tv\/wp-content\/uploads\/2024\/09\/20240729_AUTOGRAFO_VSD-4-300x200.jpg 300w, https:\/\/autografo.tv\/wp-content\/uploads\/2024\/09\/20240729_AUTOGRAFO_VSD-4-768x512.jpg 768w, https:\/\/autografo.tv\/wp-content\/uploads\/2024\/09\/20240729_AUTOGRAFO_VSD-4-1536x1024.jpg 1536w, https:\/\/autografo.tv\/wp-content\/uploads\/2024\/09\/20240729_AUTOGRAFO_VSD-4-2048x1365.jpg 2048w\" sizes=\"(max-width: 1024px) 100vw, 1024px\" \/><\/figure>\n\n\n\n<p>Dentro de lo impensado que resulta, hay mucha verdad sobre los momentos espont\u00e1neos que se observan cuando el r\u00f3tulo de \u201cOn Air\u201d (o en el aire) de Astra Studios no se ha encendido, dando paso a los actores y actrices a soltar brevemente los libretos para darse ciertas libertades, incluidas bailar para un <em>boomerang.<\/em><\/p>\n\n\n\n<p>La escena descrita ocurri\u00f3 luego que los actores Javier Pastrana como Ram\u00f3n Emeterio Betances, Jorge Luis Ramos como Eugenio Mar\u00eda de Hostos y Oscar Guerrero como Francisco Oller, completaran su primera intervenci\u00f3n en el p\u00f3dcast Aut\u00f3grafo al d\u00eda, que conducen el presentador y productor Francisco Zamora y la periodista Liza Lugo.<\/p>\n\n\n\n<div style=\"height:20px\" aria-hidden=\"true\" class=\"wp-block-spacer\"><\/div>\n\n\n\n<figure class=\"wp-block-image size-large\"><img decoding=\"async\" width=\"1024\" height=\"683\" src=\"https:\/\/autografo.tv\/wp-content\/uploads\/2024\/09\/20240729_AUTOGRAFO_MARIA-DE-HOSTOS_VSD-2-1024x683.jpg\" alt=\"\" class=\"wp-image-2353\" srcset=\"https:\/\/autografo.tv\/wp-content\/uploads\/2024\/09\/20240729_AUTOGRAFO_MARIA-DE-HOSTOS_VSD-2-1024x683.jpg 1024w, https:\/\/autografo.tv\/wp-content\/uploads\/2024\/09\/20240729_AUTOGRAFO_MARIA-DE-HOSTOS_VSD-2-300x200.jpg 300w, https:\/\/autografo.tv\/wp-content\/uploads\/2024\/09\/20240729_AUTOGRAFO_MARIA-DE-HOSTOS_VSD-2-768x512.jpg 768w, https:\/\/autografo.tv\/wp-content\/uploads\/2024\/09\/20240729_AUTOGRAFO_MARIA-DE-HOSTOS_VSD-2-1536x1024.jpg 1536w, https:\/\/autografo.tv\/wp-content\/uploads\/2024\/09\/20240729_AUTOGRAFO_MARIA-DE-HOSTOS_VSD-2.jpg 1920w\" sizes=\"(max-width: 1024px) 100vw, 1024px\" \/><\/figure>\n\n\n\n<div style=\"height:20px\" aria-hidden=\"true\" class=\"wp-block-spacer\"><\/div>\n\n\n\n<p>En ese tr\u00edo, el actor Jorge Luis Ramos era Eugenio Mar\u00eda de Hostos (Mayag\u00fcez 1839-1903), el inmenso \u201cCiudadano de Am\u00e9rica\u201d, recordado por su lucha por la independencia de Puerto Rico, los derechos humanos y sobre todo, por su defensa de la educaci\u00f3n como fuente esencial para alcanzar la autonom\u00eda individual y colectiva.<\/p>\n\n\n\n<p>\u201cCiertamente es un personaje tan extraordinario y tan fuera de serie\u201d, destac\u00f3 el histri\u00f3n con amplia trayectoria en el teatro y el cine puertorrique\u00f1o. \u201cCuando Francisco (Zamora) me llam\u00f3 hace unas semanas, qued\u00e9 alucinando, sobre todo cuando empec\u00e9 a estudiarlo, porque uno lo estudia en la escuela, en la universidad, pero su aportaci\u00f3n es tan vasta, fue un hombre gigante y realmente \u00fanico. Y cuando tienes en tu mano el poder de hacer un personaje como este, que tiene unas implicaciones tan grandes, que resuenan en el Puerto Rico de hoy, eso hace que uno se sienta mucho m\u00e1s responsable, pero a la misma vez, mucho m\u00e1s inspirado y mucho m\u00e1s convencido de que el trabajo que hago es el correcto, porque personajes como este le dan sentido a mi trabajo como actor\u201d.<\/p>\n\n\n\n<p>Ramos represent\u00f3 a Hostos por medio de un mon\u00f3logo que a su vez rememor\u00f3 tres etapas en la vida del educador, soci\u00f3logo y pol\u00edtico, entre otros tantos t\u00edtulos que se le reconocen. Aborda el tiempo en que Hostos deja Santo Domingo; su traslado a Chile para aportar a la educaci\u00f3n de ese pa\u00eds suramericano y, finalmente, cuando regresa a Nueva York para afianzar su defensa por la independencia de Puerto Rico y Cuba.<\/p>\n\n\n\n<p>\u201cEn el mon\u00f3logo est\u00e1 creando, escribiendo lo que viene a ser su discurso para la primera instalaci\u00f3n de la primera clase graduanda de la Escuela Normal (en Santo Domingo), y lo est\u00e1 haciendo en la sala de su casa mientras su esposa atiende a sus hijos. La din\u00e1mica de los ni\u00f1os constantemente lo interrumpe y es bonito, porque lo vemos a \u00e9l en un entorno cotidiano, lo vemos como pap\u00e1, lidiando con los ni\u00f1os, con el llanto del beb\u00e9 a la hora de buscar centro para expresar lo que \u00e9l quiere en el papel\u201d, detall\u00f3 el actor.<\/p>\n\n\n\n<p>El trabajo creativo para ejecutar el personaje, comparti\u00f3, lo llev\u00f3 a rememorar la voz de su padre, quien al igual que Hostos fue un protector de la salud de sus semejantes.<\/p>\n\n\n\n<p>\u201cMi pap\u00e1 fue un hombre dado a los dem\u00e1s, que mantuvo el servicio como norte hasta el \u00faltimo d\u00eda de su vida\u201d, record\u00f3. \u201c\u00c9l muere de un ataque al coraz\u00f3n fulminante en el hospital donde estaba trabajando, d\u00edas despu\u00e9s de las elecciones, cuando \u00e9l sab\u00eda que su programa en el Hospital Regional de Caguas, pues iba a desaparecer, porque con el cambio pol\u00edtico -igual que Hostos, que era un hombre visionario-, sab\u00eda que la salud se iba a privatizar y que por lo tanto su gesti\u00f3n se iba a ver afectada, y esa fue una de las razones que pensamos nosotros que caus\u00f3 su muerte. Tanto le afectaba a \u00e9l su labor que tuvo ese final\u201d.<\/p>\n\n\n\n<p>Este art\u00edculo es parte del p\u00f3dcast \u201cAut\u00f3grafo Al D\u00eda\u201d, del proyecto Aut\u00f3grafo.TV producido por Astra Studios.<\/p>","protected":false},"excerpt":{"rendered":"<p>Jorge Luis Ramos reafirma su admiraci\u00f3n hacia Eugenio Mar\u00eda de Hostos desde el arte de la interpretaci\u00f3n Encontr\u00f3 semejanzas entre el pr\u00f3cer y su pap\u00e1, especialmente en su preocupaci\u00f3n por&hellip;<\/p>","protected":false},"author":1,"featured_media":2352,"comment_status":"open","ping_status":"open","sticky":false,"template":"","format":"standard","meta":{"_acf_changed":false,"_coblocks_attr":"","_coblocks_dimensions":"","_coblocks_responsive_height":"","_coblocks_accordion_ie_support":"","footnotes":""},"categories":[64],"tags":[],"class_list":["post-2350","post","type-post","status-publish","format-standard","has-post-thumbnail","hentry","category-reportajes"],"acf":[],"yoast_head":"<!-- This site is optimized with the Yoast SEO Premium plugin v23.4 (Yoast SEO v27.5) - https:\/\/yoast.com\/product\/yoast-seo-premium-wordpress\/ -->\n<title>Jorge Luis Ramos reafirma su admiraci\u00f3n hacia Eugenio Mar\u00eda de Hostos desde el arte de la interpretaci\u00f3n - Aut\u00f3grafo TV<\/title>\n<meta name=\"robots\" content=\"index, follow, max-snippet:-1, max-image-preview:large, max-video-preview:-1\" \/>\n<link rel=\"canonical\" href=\"https:\/\/autografo.tv\/en\/jorge-luis-ramos-reafirma-su-admiracion-hacia-eugenio-maria-de-hostos-desde-el-arte-de-la-interpretacion\/\" \/>\n<meta property=\"og:locale\" content=\"en_US\" \/>\n<meta property=\"og:type\" content=\"article\" \/>\n<meta property=\"og:title\" content=\"Jorge Luis Ramos reafirma su admiraci\u00f3n hacia Eugenio Mar\u00eda de Hostos desde el arte de la interpretaci\u00f3n\" \/>\n<meta property=\"og:description\" content=\"Jorge Luis Ramos reafirma su admiraci\u00f3n hacia Eugenio Mar\u00eda de Hostos desde el arte de la interpretaci\u00f3n Encontr\u00f3 semejanzas entre el pr\u00f3cer y su pap\u00e1, especialmente en su preocupaci\u00f3n por&hellip;\" \/>\n<meta property=\"og:url\" content=\"https:\/\/autografo.tv\/en\/jorge-luis-ramos-reafirma-su-admiracion-hacia-eugenio-maria-de-hostos-desde-el-arte-de-la-interpretacion\/\" \/>\n<meta property=\"og:site_name\" content=\"Aut\u00f3grafo TV\" \/>\n<meta property=\"article:publisher\" content=\"https:\/\/www.facebook.com\/autografotv\" \/>\n<meta property=\"article:author\" content=\"https:\/\/www.facebook.com\/autografotv\" \/>\n<meta property=\"article:published_time\" content=\"2024-09-12T14:14:57+00:00\" \/>\n<meta property=\"article:modified_time\" content=\"2024-09-13T19:29:48+00:00\" \/>\n<meta property=\"og:image\" content=\"https:\/\/autografo.tv\/wp-content\/uploads\/2024\/09\/portada-ostos.jpg\" \/>\n\t<meta property=\"og:image:width\" content=\"1920\" \/>\n\t<meta property=\"og:image:height\" content=\"720\" \/>\n\t<meta property=\"og:image:type\" content=\"image\/jpeg\" \/>\n<meta name=\"author\" content=\"autografotv\" \/>\n<meta name=\"twitter:card\" content=\"summary_large_image\" \/>\n<meta name=\"twitter:creator\" content=\"@autografotv\" \/>\n<meta name=\"twitter:site\" content=\"@autografotv\" \/>\n<meta name=\"twitter:label1\" content=\"Written by\" \/>\n\t<meta name=\"twitter:data1\" content=\"autografotv\" \/>\n\t<meta name=\"twitter:label2\" content=\"Est. reading time\" \/>\n\t<meta name=\"twitter:data2\" content=\"4 minutes\" \/>\n<script type=\"application\/ld+json\" class=\"yoast-schema-graph\">{\"@context\":\"https:\\\/\\\/schema.org\",\"@graph\":[{\"@type\":\"Article\",\"@id\":\"https:\\\/\\\/autografo.tv\\\/jorge-luis-ramos-reafirma-su-admiracion-hacia-eugenio-maria-de-hostos-desde-el-arte-de-la-interpretacion\\\/#article\",\"isPartOf\":{\"@id\":\"https:\\\/\\\/autografo.tv\\\/jorge-luis-ramos-reafirma-su-admiracion-hacia-eugenio-maria-de-hostos-desde-el-arte-de-la-interpretacion\\\/\"},\"author\":{\"name\":\"autografotv\",\"@id\":\"https:\\\/\\\/autografo.tv\\\/#\\\/schema\\\/person\\\/8d58ff91b340882e3a384fcf4757f4cd\"},\"headline\":\"Jorge Luis Ramos reafirma su admiraci\u00f3n hacia Eugenio Mar\u00eda de Hostos desde el arte de la interpretaci\u00f3n\",\"datePublished\":\"2024-09-12T14:14:57+00:00\",\"dateModified\":\"2024-09-13T19:29:48+00:00\",\"mainEntityOfPage\":{\"@id\":\"https:\\\/\\\/autografo.tv\\\/jorge-luis-ramos-reafirma-su-admiracion-hacia-eugenio-maria-de-hostos-desde-el-arte-de-la-interpretacion\\\/\"},\"wordCount\":771,\"commentCount\":0,\"publisher\":{\"@id\":\"https:\\\/\\\/autografo.tv\\\/#organization\"},\"image\":{\"@id\":\"https:\\\/\\\/autografo.tv\\\/jorge-luis-ramos-reafirma-su-admiracion-hacia-eugenio-maria-de-hostos-desde-el-arte-de-la-interpretacion\\\/#primaryimage\"},\"thumbnailUrl\":\"https:\\\/\\\/autografo.tv\\\/wp-content\\\/uploads\\\/2024\\\/09\\\/portada-ostos.jpg\",\"articleSection\":[\"Reportajes\"],\"inLanguage\":\"en-US\",\"potentialAction\":[{\"@type\":\"CommentAction\",\"name\":\"Comment\",\"target\":[\"https:\\\/\\\/autografo.tv\\\/jorge-luis-ramos-reafirma-su-admiracion-hacia-eugenio-maria-de-hostos-desde-el-arte-de-la-interpretacion\\\/#respond\"]}]},{\"@type\":[\"WebPage\",\"ItemPage\"],\"@id\":\"https:\\\/\\\/autografo.tv\\\/jorge-luis-ramos-reafirma-su-admiracion-hacia-eugenio-maria-de-hostos-desde-el-arte-de-la-interpretacion\\\/\",\"url\":\"https:\\\/\\\/autografo.tv\\\/jorge-luis-ramos-reafirma-su-admiracion-hacia-eugenio-maria-de-hostos-desde-el-arte-de-la-interpretacion\\\/\",\"name\":\"Jorge Luis Ramos reafirma su admiraci\u00f3n hacia Eugenio Mar\u00eda de Hostos desde el arte de la interpretaci\u00f3n - Aut\u00f3grafo TV\",\"isPartOf\":{\"@id\":\"https:\\\/\\\/autografo.tv\\\/#website\"},\"primaryImageOfPage\":{\"@id\":\"https:\\\/\\\/autografo.tv\\\/jorge-luis-ramos-reafirma-su-admiracion-hacia-eugenio-maria-de-hostos-desde-el-arte-de-la-interpretacion\\\/#primaryimage\"},\"image\":{\"@id\":\"https:\\\/\\\/autografo.tv\\\/jorge-luis-ramos-reafirma-su-admiracion-hacia-eugenio-maria-de-hostos-desde-el-arte-de-la-interpretacion\\\/#primaryimage\"},\"thumbnailUrl\":\"https:\\\/\\\/autografo.tv\\\/wp-content\\\/uploads\\\/2024\\\/09\\\/portada-ostos.jpg\",\"datePublished\":\"2024-09-12T14:14:57+00:00\",\"dateModified\":\"2024-09-13T19:29:48+00:00\",\"breadcrumb\":{\"@id\":\"https:\\\/\\\/autografo.tv\\\/jorge-luis-ramos-reafirma-su-admiracion-hacia-eugenio-maria-de-hostos-desde-el-arte-de-la-interpretacion\\\/#breadcrumb\"},\"inLanguage\":\"en-US\",\"potentialAction\":[{\"@type\":\"ReadAction\",\"target\":[\"https:\\\/\\\/autografo.tv\\\/jorge-luis-ramos-reafirma-su-admiracion-hacia-eugenio-maria-de-hostos-desde-el-arte-de-la-interpretacion\\\/\"]}]},{\"@type\":\"ImageObject\",\"inLanguage\":\"en-US\",\"@id\":\"https:\\\/\\\/autografo.tv\\\/jorge-luis-ramos-reafirma-su-admiracion-hacia-eugenio-maria-de-hostos-desde-el-arte-de-la-interpretacion\\\/#primaryimage\",\"url\":\"https:\\\/\\\/autografo.tv\\\/wp-content\\\/uploads\\\/2024\\\/09\\\/portada-ostos.jpg\",\"contentUrl\":\"https:\\\/\\\/autografo.tv\\\/wp-content\\\/uploads\\\/2024\\\/09\\\/portada-ostos.jpg\",\"width\":1920,\"height\":720},{\"@type\":\"BreadcrumbList\",\"@id\":\"https:\\\/\\\/autografo.tv\\\/jorge-luis-ramos-reafirma-su-admiracion-hacia-eugenio-maria-de-hostos-desde-el-arte-de-la-interpretacion\\\/#breadcrumb\",\"itemListElement\":[{\"@type\":\"ListItem\",\"position\":1,\"name\":\"Portada\",\"item\":\"https:\\\/\\\/autografo.tv\\\/\"},{\"@type\":\"ListItem\",\"position\":2,\"name\":\"Jorge Luis Ramos reafirma su admiraci\u00f3n hacia Eugenio Mar\u00eda de Hostos desde el arte de la interpretaci\u00f3n\"}]},{\"@type\":\"WebSite\",\"@id\":\"https:\\\/\\\/autografo.tv\\\/#website\",\"url\":\"https:\\\/\\\/autografo.tv\\\/\",\"name\":\"Aut\u00f3grafo TV\",\"description\":\"\",\"publisher\":{\"@id\":\"https:\\\/\\\/autografo.tv\\\/#organization\"},\"potentialAction\":[{\"@type\":\"SearchAction\",\"target\":{\"@type\":\"EntryPoint\",\"urlTemplate\":\"https:\\\/\\\/autografo.tv\\\/?s={search_term_string}\"},\"query-input\":{\"@type\":\"PropertyValueSpecification\",\"valueRequired\":true,\"valueName\":\"search_term_string\"}}],\"inLanguage\":\"en-US\"},{\"@type\":\"Organization\",\"@id\":\"https:\\\/\\\/autografo.tv\\\/#organization\",\"name\":\"Aut\u00f3grafo TV\",\"url\":\"https:\\\/\\\/autografo.tv\\\/\",\"logo\":{\"@type\":\"ImageObject\",\"inLanguage\":\"en-US\",\"@id\":\"https:\\\/\\\/autografo.tv\\\/#\\\/schema\\\/logo\\\/image\\\/\",\"url\":\"https:\\\/\\\/autografo.tv\\\/wp-content\\\/uploads\\\/2025\\\/01\\\/cropped-favicon.png\",\"contentUrl\":\"https:\\\/\\\/autografo.tv\\\/wp-content\\\/uploads\\\/2025\\\/01\\\/cropped-favicon.png\",\"width\":512,\"height\":512,\"caption\":\"Aut\u00f3grafo TV\"},\"image\":{\"@id\":\"https:\\\/\\\/autografo.tv\\\/#\\\/schema\\\/logo\\\/image\\\/\"},\"sameAs\":[\"https:\\\/\\\/www.facebook.com\\\/autografotv\",\"https:\\\/\\\/x.com\\\/autografotv\",\"https:\\\/\\\/www.instagram.com\\\/autografotv\",\"https:\\\/\\\/www.youtube.com\\\/@autografotv\"]},{\"@type\":\"Person\",\"@id\":\"https:\\\/\\\/autografo.tv\\\/#\\\/schema\\\/person\\\/8d58ff91b340882e3a384fcf4757f4cd\",\"name\":\"autografotv\",\"image\":{\"@type\":\"ImageObject\",\"inLanguage\":\"en-US\",\"@id\":\"https:\\\/\\\/secure.gravatar.com\\\/avatar\\\/5eec4eefaa696ce2a3fa86bdf59fdb4d1ced83084b4efc7e1822e7769e4935e4?s=96&d=mm&r=g\",\"url\":\"https:\\\/\\\/secure.gravatar.com\\\/avatar\\\/5eec4eefaa696ce2a3fa86bdf59fdb4d1ced83084b4efc7e1822e7769e4935e4?s=96&d=mm&r=g\",\"contentUrl\":\"https:\\\/\\\/secure.gravatar.com\\\/avatar\\\/5eec4eefaa696ce2a3fa86bdf59fdb4d1ced83084b4efc7e1822e7769e4935e4?s=96&d=mm&r=g\",\"caption\":\"autografotv\"},\"sameAs\":[\"https:\\\/\\\/autografo.tv\",\"https:\\\/\\\/www.facebook.com\\\/autografotv\",\"https:\\\/\\\/www.instagram.com\\\/autografotv\",\"https:\\\/\\\/www.youtube.com\\\/@autografotv\"],\"url\":\"https:\\\/\\\/autografo.tv\\\/en\\\/author\\\/autografotv\\\/\"}]}<\/script>\n<!-- \/ Yoast SEO Premium plugin. -->","yoast_head_json":{"title":"Jorge Luis Ramos reafirma su admiraci\u00f3n hacia Eugenio Mar\u00eda de Hostos desde el arte de la interpretaci\u00f3n - Aut\u00f3grafo TV","robots":{"index":"index","follow":"follow","max-snippet":"max-snippet:-1","max-image-preview":"max-image-preview:large","max-video-preview":"max-video-preview:-1"},"canonical":"https:\/\/autografo.tv\/en\/jorge-luis-ramos-reafirma-su-admiracion-hacia-eugenio-maria-de-hostos-desde-el-arte-de-la-interpretacion\/","og_locale":"en_US","og_type":"article","og_title":"Jorge Luis Ramos reafirma su admiraci\u00f3n hacia Eugenio Mar\u00eda de Hostos desde el arte de la interpretaci\u00f3n","og_description":"Jorge Luis Ramos reafirma su admiraci\u00f3n hacia Eugenio Mar\u00eda de Hostos desde el arte de la interpretaci\u00f3n Encontr\u00f3 semejanzas entre el pr\u00f3cer y su pap\u00e1, especialmente en su preocupaci\u00f3n por&hellip;","og_url":"https:\/\/autografo.tv\/en\/jorge-luis-ramos-reafirma-su-admiracion-hacia-eugenio-maria-de-hostos-desde-el-arte-de-la-interpretacion\/","og_site_name":"Aut\u00f3grafo TV","article_publisher":"https:\/\/www.facebook.com\/autografotv","article_author":"https:\/\/www.facebook.com\/autografotv","article_published_time":"2024-09-12T14:14:57+00:00","article_modified_time":"2024-09-13T19:29:48+00:00","og_image":[{"width":1920,"height":720,"url":"https:\/\/autografo.tv\/wp-content\/uploads\/2024\/09\/portada-ostos.jpg","type":"image\/jpeg"}],"author":"autografotv","twitter_card":"summary_large_image","twitter_creator":"@autografotv","twitter_site":"@autografotv","twitter_misc":{"Written by":"autografotv","Est. reading time":"4 minutes"},"schema":{"@context":"https:\/\/schema.org","@graph":[{"@type":"Article","@id":"https:\/\/autografo.tv\/jorge-luis-ramos-reafirma-su-admiracion-hacia-eugenio-maria-de-hostos-desde-el-arte-de-la-interpretacion\/#article","isPartOf":{"@id":"https:\/\/autografo.tv\/jorge-luis-ramos-reafirma-su-admiracion-hacia-eugenio-maria-de-hostos-desde-el-arte-de-la-interpretacion\/"},"author":{"name":"autografotv","@id":"https:\/\/autografo.tv\/#\/schema\/person\/8d58ff91b340882e3a384fcf4757f4cd"},"headline":"Jorge Luis Ramos reafirma su admiraci\u00f3n hacia Eugenio Mar\u00eda de Hostos desde el arte de la interpretaci\u00f3n","datePublished":"2024-09-12T14:14:57+00:00","dateModified":"2024-09-13T19:29:48+00:00","mainEntityOfPage":{"@id":"https:\/\/autografo.tv\/jorge-luis-ramos-reafirma-su-admiracion-hacia-eugenio-maria-de-hostos-desde-el-arte-de-la-interpretacion\/"},"wordCount":771,"commentCount":0,"publisher":{"@id":"https:\/\/autografo.tv\/#organization"},"image":{"@id":"https:\/\/autografo.tv\/jorge-luis-ramos-reafirma-su-admiracion-hacia-eugenio-maria-de-hostos-desde-el-arte-de-la-interpretacion\/#primaryimage"},"thumbnailUrl":"https:\/\/autografo.tv\/wp-content\/uploads\/2024\/09\/portada-ostos.jpg","articleSection":["Reportajes"],"inLanguage":"en-US","potentialAction":[{"@type":"CommentAction","name":"Comment","target":["https:\/\/autografo.tv\/jorge-luis-ramos-reafirma-su-admiracion-hacia-eugenio-maria-de-hostos-desde-el-arte-de-la-interpretacion\/#respond"]}]},{"@type":["WebPage","ItemPage"],"@id":"https:\/\/autografo.tv\/jorge-luis-ramos-reafirma-su-admiracion-hacia-eugenio-maria-de-hostos-desde-el-arte-de-la-interpretacion\/","url":"https:\/\/autografo.tv\/jorge-luis-ramos-reafirma-su-admiracion-hacia-eugenio-maria-de-hostos-desde-el-arte-de-la-interpretacion\/","name":"Jorge Luis Ramos reafirma su admiraci\u00f3n hacia Eugenio Mar\u00eda de Hostos desde el arte de la interpretaci\u00f3n - Aut\u00f3grafo TV","isPartOf":{"@id":"https:\/\/autografo.tv\/#website"},"primaryImageOfPage":{"@id":"https:\/\/autografo.tv\/jorge-luis-ramos-reafirma-su-admiracion-hacia-eugenio-maria-de-hostos-desde-el-arte-de-la-interpretacion\/#primaryimage"},"image":{"@id":"https:\/\/autografo.tv\/jorge-luis-ramos-reafirma-su-admiracion-hacia-eugenio-maria-de-hostos-desde-el-arte-de-la-interpretacion\/#primaryimage"},"thumbnailUrl":"https:\/\/autografo.tv\/wp-content\/uploads\/2024\/09\/portada-ostos.jpg","datePublished":"2024-09-12T14:14:57+00:00","dateModified":"2024-09-13T19:29:48+00:00","breadcrumb":{"@id":"https:\/\/autografo.tv\/jorge-luis-ramos-reafirma-su-admiracion-hacia-eugenio-maria-de-hostos-desde-el-arte-de-la-interpretacion\/#breadcrumb"},"inLanguage":"en-US","potentialAction":[{"@type":"ReadAction","target":["https:\/\/autografo.tv\/jorge-luis-ramos-reafirma-su-admiracion-hacia-eugenio-maria-de-hostos-desde-el-arte-de-la-interpretacion\/"]}]},{"@type":"ImageObject","inLanguage":"en-US","@id":"https:\/\/autografo.tv\/jorge-luis-ramos-reafirma-su-admiracion-hacia-eugenio-maria-de-hostos-desde-el-arte-de-la-interpretacion\/#primaryimage","url":"https:\/\/autografo.tv\/wp-content\/uploads\/2024\/09\/portada-ostos.jpg","contentUrl":"https:\/\/autografo.tv\/wp-content\/uploads\/2024\/09\/portada-ostos.jpg","width":1920,"height":720},{"@type":"BreadcrumbList","@id":"https:\/\/autografo.tv\/jorge-luis-ramos-reafirma-su-admiracion-hacia-eugenio-maria-de-hostos-desde-el-arte-de-la-interpretacion\/#breadcrumb","itemListElement":[{"@type":"ListItem","position":1,"name":"Portada","item":"https:\/\/autografo.tv\/"},{"@type":"ListItem","position":2,"name":"Jorge Luis Ramos reafirma su admiraci\u00f3n hacia Eugenio Mar\u00eda de Hostos desde el arte de la interpretaci\u00f3n"}]},{"@type":"WebSite","@id":"https:\/\/autografo.tv\/#website","url":"https:\/\/autografo.tv\/","name":"Aut\u00f3grafo TV","description":"","publisher":{"@id":"https:\/\/autografo.tv\/#organization"},"potentialAction":[{"@type":"SearchAction","target":{"@type":"EntryPoint","urlTemplate":"https:\/\/autografo.tv\/?s={search_term_string}"},"query-input":{"@type":"PropertyValueSpecification","valueRequired":true,"valueName":"search_term_string"}}],"inLanguage":"en-US"},{"@type":"Organization","@id":"https:\/\/autografo.tv\/#organization","name":"Aut\u00f3grafo TV","url":"https:\/\/autografo.tv\/","logo":{"@type":"ImageObject","inLanguage":"en-US","@id":"https:\/\/autografo.tv\/#\/schema\/logo\/image\/","url":"https:\/\/autografo.tv\/wp-content\/uploads\/2025\/01\/cropped-favicon.png","contentUrl":"https:\/\/autografo.tv\/wp-content\/uploads\/2025\/01\/cropped-favicon.png","width":512,"height":512,"caption":"Aut\u00f3grafo TV"},"image":{"@id":"https:\/\/autografo.tv\/#\/schema\/logo\/image\/"},"sameAs":["https:\/\/www.facebook.com\/autografotv","https:\/\/x.com\/autografotv","https:\/\/www.instagram.com\/autografotv","https:\/\/www.youtube.com\/@autografotv"]},{"@type":"Person","@id":"https:\/\/autografo.tv\/#\/schema\/person\/8d58ff91b340882e3a384fcf4757f4cd","name":"autografotv","image":{"@type":"ImageObject","inLanguage":"en-US","@id":"https:\/\/secure.gravatar.com\/avatar\/5eec4eefaa696ce2a3fa86bdf59fdb4d1ced83084b4efc7e1822e7769e4935e4?s=96&d=mm&r=g","url":"https:\/\/secure.gravatar.com\/avatar\/5eec4eefaa696ce2a3fa86bdf59fdb4d1ced83084b4efc7e1822e7769e4935e4?s=96&d=mm&r=g","contentUrl":"https:\/\/secure.gravatar.com\/avatar\/5eec4eefaa696ce2a3fa86bdf59fdb4d1ced83084b4efc7e1822e7769e4935e4?s=96&d=mm&r=g","caption":"autografotv"},"sameAs":["https:\/\/autografo.tv","https:\/\/www.facebook.com\/autografotv","https:\/\/www.instagram.com\/autografotv","https:\/\/www.youtube.com\/@autografotv"],"url":"https:\/\/autografo.tv\/en\/author\/autografotv\/"}]}},"_links":{"self":[{"href":"https:\/\/autografo.tv\/en\/wp-json\/wp\/v2\/posts\/2350","targetHints":{"allow":["GET"]}}],"collection":[{"href":"https:\/\/autografo.tv\/en\/wp-json\/wp\/v2\/posts"}],"about":[{"href":"https:\/\/autografo.tv\/en\/wp-json\/wp\/v2\/types\/post"}],"author":[{"embeddable":true,"href":"https:\/\/autografo.tv\/en\/wp-json\/wp\/v2\/users\/1"}],"replies":[{"embeddable":true,"href":"https:\/\/autografo.tv\/en\/wp-json\/wp\/v2\/comments?post=2350"}],"version-history":[{"count":4,"href":"https:\/\/autografo.tv\/en\/wp-json\/wp\/v2\/posts\/2350\/revisions"}],"predecessor-version":[{"id":2365,"href":"https:\/\/autografo.tv\/en\/wp-json\/wp\/v2\/posts\/2350\/revisions\/2365"}],"wp:featuredmedia":[{"embeddable":true,"href":"https:\/\/autografo.tv\/en\/wp-json\/wp\/v2\/media\/2352"}],"wp:attachment":[{"href":"https:\/\/autografo.tv\/en\/wp-json\/wp\/v2\/media?parent=2350"}],"wp:term":[{"taxonomy":"category","embeddable":true,"href":"https:\/\/autografo.tv\/en\/wp-json\/wp\/v2\/categories?post=2350"},{"taxonomy":"post_tag","embeddable":true,"href":"https:\/\/autografo.tv\/en\/wp-json\/wp\/v2\/tags?post=2350"}],"curies":[{"name":"wp","href":"https:\/\/api.w.org\/{rel}","templated":true}]}}