{"id":2257,"date":"2024-09-09T08:00:00","date_gmt":"2024-09-09T12:00:00","guid":{"rendered":"https:\/\/autografo.tv\/?p=2257"},"modified":"2024-09-09T10:03:39","modified_gmt":"2024-09-09T14:03:39","slug":"lola-rodriguez-de-tio-en-el-exilio","status":"publish","type":"post","link":"https:\/\/autografo.tv\/en\/lola-rodriguez-de-tio-en-el-exilio\/","title":{"rendered":"Lola Rodr\u00edguez de Ti\u00f3 en el exilio"},"content":{"rendered":"<p class=\"has-text-color has-link-color wp-elements-32d9562493f3e30f566f63cdf3b7e860\" style=\"color:#8c4c9c;font-size:clamp(14.642px, 0.915rem + ((1vw - 3.2px) * 0.759), 22px);\"><strong>Lola Rodr\u00edguez de Ti\u00f3 en el exilio<br><\/strong><\/p>\n\n\n\n<p><em>A mis cantares<\/em> (extracto)<\/p>\n\n\n\n<p>Por eso es que tanto quiero<\/p>\n\n\n\n<p>Los cantares de mi patria,<\/p>\n\n\n\n<p>Ya me anuncien desenga\u00f1os!<\/p>\n\n\n\n<p>Ya me anuncien esperanzas!&nbsp;&nbsp; -Lola Rodr\u00edguez de Ti\u00f3<\/p>\n\n\n\n<p>Noviembre es el mes de los Estudios Sociales, ideal para viajes educativos y experiencias de campo para nuestro estudiantado, a trav\u00e9s de los cuales enriquecer\u00e1n sus notas. Un viaje educativo que podr\u00eda impactarles ser\u00eda llegar hasta el pueblo de San Germ\u00e1n, el segundo poblado de mayor antig\u00fcedad en Puerto Rico.<\/p>\n\n\n\n<p>La Villa de San Germ\u00e1n fue fundada en 1510 y tuvo como primer casco urbano el Hospital de La Concepci\u00f3n, donde se encuentra la antigua Ermita de la Concepci\u00f3n, as\u00ed tambi\u00e9n la Plaza de Armas&nbsp; y antigua Plaza del Rey, donde se ejercitaban las tropas espa\u00f1olas, adem\u00e1s del Cuartel de Milicias o Casa del Rey. Estos patrimonios permanecen en pie, convirtiendo este casco es un museo abierto del cual el estudiante o la estudiante dif\u00edcilmente podr\u00e1 olvidarse. All\u00ed tambi\u00e9n podr\u00e1 conocer la Ermita de San Sebasti\u00e1n, el Puente de Bolas, donde se recib\u00eda a los invitados especiales, la alcantarilla donde comienzan los t\u00faneles subterr\u00e1neos -hechos de ladrillo y piedra, en forma de b\u00f3veda-, construida por los espa\u00f1oles como desag\u00fce y el museo de Arte Religioso <em>Porta Coeli<\/em>, que es la capilla del Convento Santo Domingo (ya desaparecido), construida de 1606 a 1607. El antiguo ferrocarril y muchas casas de insignes figuras de nuestra historia acompa\u00f1an estas edificaciones, entre ellas la casa de nuestra poeta y l\u00edder separatista Lola Rodr\u00edguez de Ti\u00f3.<\/p>\n\n\n\n<p><strong>De la Casa de los Ponce de Le\u00f3n al extranjero<\/strong><\/p>\n\n\n\n<p><strong>Ante una puesta de sol <\/strong>(extracto)<\/p>\n\n\n\n<p>Si tuviera un pincel \u00a1oh patria m\u00eda!<\/p>\n\n\n\n<p>para calmar del alma el hondo anhelo<\/p>\n\n\n\n<p>\u00a1con que tiernos colores pintar\u00eda<\/p>\n\n\n\n<p>un arrebol de tu radiante cielo!&nbsp; -Lola Rodr\u00edguez de Ti\u00f3<\/p>\n\n\n\n<p>Los padres de Lola fueron Sebasti\u00e1n Rodr\u00edguez de Asturdillo y Carmen Ponce de Le\u00f3n. Bautizaron a su hija como Dolores Rodr\u00edguez Ponce de Le\u00f3n. Don Sebasti\u00e1n lleg\u00f3 a ser uno de los abogados fundadores del hoy Colegio de Abogados de Puerto Rico y como podr\u00e1n imaginar, por la l\u00ednea materna nuestra poeta hered\u00f3 lazos con el&nbsp; primer gobernador de Puerto Rico, Juan Ponce de Le\u00f3n. Los estudiantes podr\u00e1n observar en San Germ\u00e1n la residencia donde habit\u00f3 nuestra Lola antes de casarse con Bonocio Ti\u00f3 Segarra a los 15 a\u00f1os. Seg\u00fan informa el portal de museos de San Germ\u00e1n, la casa de la familia de Lola era herencia maternal, cuya estructura criolla pertenec\u00eda al neocl\u00e1sico. Posee dos niveles construidos con mamposter\u00eda y goza de un balc\u00f3n volado acorde con la moda dom\u00e9stica sangerme\u00f1a. \u00c9sta podr\u00eda ser la vivienda m\u00e1s antigua de San Germ\u00e1n de uso ininterrumpido. All\u00ed encontrar\u00e1n la biblioteca, correspondencia y pertenencias de Lola.<\/p>\n\n\n\n<p>En esta casa Lola recibi\u00f3 su primera educaci\u00f3n, como mandaba la tradici\u00f3n del momento. All\u00ed tambi\u00e9n se expuso a la impresionante biblioteca de su padre e impulsada por su madre ley\u00f3 sobre historia, moral, religi\u00f3n, literatura hisp\u00e1nica, en especial a Fray Luis de Le\u00f3n, cuya presencia se refleja en sus primeros versos. Es decir, esta casa con su apropiado ambiente fue sedimento important\u00edsimo para la gran literata, poeta, mujer de palabra p\u00fablica, periodista, educadora y revolucionaria, tanto en su pa\u00eds como en el exilio, que luego fue Lola Rodr\u00edguez.<\/p>\n\n\n\n<p>La familia se muda a Mayag\u00fcez donde la adolescente Lola contin\u00faa sus estudios. All\u00ed tambi\u00e9n conoci\u00f3 al periodista de ideolog\u00eda separatista, Bonocio Ti\u00f3 \u2013nacido en Lajas-, con el que poco despu\u00e9s se cas\u00f3. Unieron sus vidas el 13 de febrero de 1865 e inmediatamente partieron hacia Paris, Francia, de luna de miel. Pero no siempre los viajes al exterior de la familia Ti\u00f3-Rodr\u00edguez fueron de placer.<\/p>\n\n\n\n<p><strong>Del hogar de los Ti\u00f3-Rodr\u00edguez al exilio<\/strong><\/p>\n\n\n\n<p><em>A Puerto Rico<\/em><strong> <\/strong>(extracto)<\/p>\n\n\n\n<p>Despu\u00e9s de ausencia tan larga<\/p>\n\n\n\n<p>vengo a contemplar tu cielo,<\/p>\n\n\n\n<p>para calmar el anhelo<\/p>\n\n\n\n<p>que a veces mi vida amarga. -Lola Rodr\u00edguez de Ti\u00f3<\/p>\n\n\n\n<p>Tanto Lola y Bonocio convirtieron su matrimonio en instrumento de lucha contra los abusos del imperio espa\u00f1ol y comenzaron a buscar en pareja que Puerto Rico fuera un pa\u00eds independiente. Todas las noches Lola celebraba concurridas tertulias en su hogar. Hasta all\u00ed llegaban intelectuales liberales y separatistas, tales como Eugenio Mar\u00eda de Hostos, Luis Mu\u00f1oz Rivera, Trina Padilla de Sanz, Jos\u00e9 de Diego y Manuel F. Rossy, quienes buscaban para su pa\u00eds la igualdad, la libertad y la fraternidad inspirados e inspiradas en los principios de la Revoluci\u00f3n Francesa. As\u00ed tambi\u00e9n un mayor desarrollo tecnol\u00f3gico para alcanzar una soberan\u00eda econ\u00f3mica, mayor acceso educativo para la mujer y el hombre por igual en conjunto con mayor equidad social.<\/p>\n\n\n\n<p>Durante los primeros 10 a\u00f1os, el matrimonio acometi\u00f3 ciertas acciones pol\u00edticas que le valieron la expulsi\u00f3n del pa\u00eds. Para los preparativos de la insurrecci\u00f3n separatista de 1868, mejor conocida como el <em>Grito de Lares<\/em>, el l\u00edder pol\u00edtico Ram\u00f3n Emeterio Betances pidi\u00f3 a Lola que escribiera un himno revolucionario. Para la danza <em>Bell\u00edsima trigue\u00f1a<\/em> del sangerme\u00f1o F\u00e9lix Astol Art\u00e9s, la poeta escribe una letra abiertamente subversiva que convocaba a la gente a la lucha valiente contra Espa\u00f1a. La titula <em>La Borinque\u00f1a<\/em>. Afirma el Dr Benito Gaudier citado por Mart\u00edn Travieso, en el libro <em>Mayag\u00fcez, notas para su historia<\/em> de Silvia Aguil\u00f3 Ramos, que Lola escribi\u00f3 la letra en su casa de la calle M\u00e9ndez Vigo en Mayag\u00fcez y que ella misma fue quien la cant\u00f3 por primera vez en p\u00fablico (92). Dicha letra dice:<\/p>\n\n\n\n<p>\u00a1Despierta, borinque\u00f1o<\/p>\n\n\n\n<p>que han dado la se\u00f1al!<\/p>\n\n\n\n<p>\u00a1Despierta de ese sue\u00f1o<\/p>\n\n\n\n<p>que es hora de luchar!<\/p>\n\n\n\n<p>A ese llamar patri\u00f3tico<\/p>\n\n\n\n<p>\u00bfno arde tu coraz\u00f3n?<\/p>\n\n\n\n<p>\u00a1Ven! Nos ser\u00e1 simp\u00e1tico<\/p>\n\n\n\n<p>el ruido del ca\u00f1\u00f3n.<\/p>\n\n\n\n<p>Nosotros queremos<\/p>\n\n\n\n<p>la libertad,<\/p>\n\n\n\n<p>y nuestros machetes<\/p>\n\n\n\n<p>nos la dar\u00e1n&#8230;<\/p>\n\n\n\n<p>V\u00e1monos, borinque\u00f1os,<\/p>\n\n\n\n<p>v\u00e1monos ya,<\/p>\n\n\n\n<p>que nos espera ansiosa,<\/p>\n\n\n\n<p>ansiosa la libertad. \u00a1La libertad, la libertad!<strong><br><\/strong><\/p>\n\n\n\n<p>Una vez controlada la insurrecci\u00f3n, el himno fue prohibido por las autoridades coloniales, quienes estaban muy atentos a los pasos que daba la autora de su letra. As\u00ed tambi\u00e9n Lola dio su primer discurso para desarrollar conciencias libres en 1873 durante una graduaci\u00f3n en Mayag\u00fcez. De 1875 es su famoso art\u00edculo \u00a8La influencia de la mujer en la civilizaci\u00f3n\u00a8, publicado en el peri\u00f3dico sangerme\u00f1o el <em>Eco de Las Lomas<\/em> seg\u00fan demuestra Yamila Azize en \u00a8La educaci\u00f3n de la mujer, entre cacerolas y costureros (1900-1918)\u00a8 de su texto <em>La Mujer en la<\/em> <em>lucha<\/em>, segunda edici\u00f3n:<\/p>\n\n\n\n<p>(sobre la mujer) \u00bfPor qu\u00e9 pues, se la quiere condenar a que permanezca envuelta en las eternas sombras de la ignorancia? \u00bfPor qu\u00e9 no romper las trabas que se oponen al desarrollo de su inteligencia y a la elevaci\u00f3n de su esp\u00edritu? \u00bfPor qu\u00e9 emplear en ella el fr\u00edvolo lenguaje que la humilla y la posterga a la ineptitud? (12)<\/p>\n\n\n\n<p>Y en 1876 public\u00f3 su primer poemario titulado <em>Mis cantares<\/em>. En el pr\u00f3logo del libro Bonocio critic\u00f3 \u00e1cidamente el abandono cultural que ten\u00edan con Puerto Rico las autoridades espa\u00f1olas. Es as\u00ed como el gobierno espa\u00f1ol no toler\u00f3 m\u00e1s a la familia Ti\u00f3-Rodr\u00edguez y en 1877 los obligaron a abandonar la Isla. As\u00ed inici\u00f3 su vida en el exilio.<\/p>\n\n\n\n<p><strong>El exilio: Venezuela, Cuba, Nueva York, Cuba<\/strong><\/p>\n\n\n\n<p>El estudiantado puertorrique\u00f1o puede aprender el concepto <em>exilio<\/em> a trav\u00e9s de esta etapa en la vida de Lola Rodr\u00edguez de Ti\u00f3. Este es el momento donde nuestra poeta y l\u00edder separatista, no obstante a la educaci\u00f3n recibida, a venir de una familia relacionada por la l\u00ednea materna al primer gobernador espa\u00f1ol de Puerto Rico y a que su padre fundara el Colegio de Abogados, tuvo que salir obligatoriamente de su Isla e incluso morir fuera de \u00e9sta. El exilio consiste en la expulsi\u00f3n o salida compulsoria de una persona del lugar en el que reside o de su tierra natal, generalmente ocurre por razones pol\u00edticas en gobiernos totalitarios. Tambi\u00e9n se les considera a las personas exiliadas como expatriadas. Cuando las causas que hayan obligado a las personas a salir de su pa\u00eds ya no existen o cuando las leyes se enmiendan entonces pueden regresar. En el caso de Lola y su familia, los cambios de gobernadores que experiment\u00f3 la colonia puertorrique\u00f1a produjeron que regresara y tuviera que salir nuevamente.&nbsp;<\/p>\n\n\n\n<p>Es as\u00ed como la familia Ti\u00f3-Rodr\u00edguez una vez desterrada, -decretado por el gobernador Segundo de la Portilla-, se radic\u00f3 en Venezuela, donde por sus acciones culturales y pol\u00edticas la poeta fue condecorada con la \u201cOrden del Libertador\u201d.All\u00ed tambi\u00e9n fue madrina de la boda del l\u00edder separatista Eugenio Mar\u00eda de Hostos y la cubana Belinda de Ayala. Este primer destierro dur\u00f3 hasta 1880, seg\u00fan detalla la biograf\u00eda del aut\u00f3grafo de nuestra pr\u00f3cer sangerme\u00f1a.<\/p>\n\n\n\n<p>Desde 1880 hasta 1889 la familia permaneci\u00f3 en Puerto Rico, radicada nuevamente en Mayag\u00fcez. Bonocio funda tres peri\u00f3dicos donde difund\u00eda el pensamiento liberal separatista. Lola por su parte, continu\u00f3 escribiendo poemas y fund\u00f3 la revista anual <em>La almoj\u00e1bana <\/em>el 24 de diciembre de 1881. \u00c9sta revista literaria se publicaba cada noche buena, la editaba su esposo Bonocio y sus redactores eran el periodista y ensayista Jos\u00e9 Mar\u00eda Monge quien usaba el pseud\u00f3nimo <em>Justo Derecho<\/em>, el poeta Carlos Pe\u00f1aranda, Carlos Casanovas, Jos\u00e9 Espinosa y el periodista Don Mario Braschi. En 1884 ofreci\u00f3 en forma de discurso, su controvertible art\u00edculo sobre la educaci\u00f3n de la mujer, para un colegio de se\u00f1oritas en Mayag\u00fcez. En este discurso cuestion\u00f3 a viva voz la sujeci\u00f3n en la que estaba su g\u00e9nero instrumentalizado por el gobierno espa\u00f1ol. En 1885 publica su poemario <em>Claros y Nieblas<\/em>.<\/p>\n\n\n\n<p>Llega el terrible a\u00f1o de 1887 y Romualdo Palacios, gobernador espa\u00f1ol, impone el r\u00e9gimen de los compontes. Los compontes o emisarios de Palacios persegu\u00edan a los autonomistas. Muchos fueron encarcelados. Lola Rodr\u00edguez de Ti\u00f3 se activ\u00f3 junto a otros puertorrique\u00f1os y puertorrique\u00f1as escribiendo cartas a Espa\u00f1a para lograr la excarcelaci\u00f3n de los compatriotas y la destituci\u00f3n del gobernador. Entonces subi\u00f3 al poder como gobernador interino Juan de Contreras Mart\u00ednez, a quien una valiente Lola pidi\u00f3 audiencia para defender a los autonomistas, quienes por fin fueron excarcelados, el 24 de diciembre de 1887. Para esta magna ocasi\u00f3n, \u00a8Lol\u00edsima\u00a8, como firmaba muchas veces, compuso su poema \u201cNochebuena\u201d.<\/p>\n\n\n\n<p><strong>Noche Buena<\/strong> (extracto)<\/p>\n\n\n\n<p>Noche en que el amor los lazos<\/p>\n\n\n\n<p>con bendiciones estrecha;<\/p>\n\n\n\n<p>y se derrocha el contento,<\/p>\n\n\n\n<p>y arde la sangre en las venas,<\/p>\n\n\n\n<p>y en los benditos hogares<\/p>\n\n\n\n<p>a Dios se adora y venera,<\/p>\n\n\n\n<p>al Dios de paz que perdona<\/p>\n\n\n\n<p>a los mismos que lo niegan:<\/p>\n\n\n\n<p>\u00a1al Dios que ampara al cautivo<\/p>\n\n\n\n<p>y a los tiranos condena! &#8211;Lola Rodr\u00edguez de Ti\u00f3<\/p>\n\n\n\n<p>Pero cuando el gobernador Pedro Ruiz Dana subi\u00f3 al poder, inici\u00f3 un nuevo periodo de represi\u00f3n contra el sector separatista. Es as\u00ed como la familia Ti\u00f3-Rodr\u00edguez se exila nuevamente, esta vez en Cuba. All\u00ed fueron recibidos como compa\u00f1eros de lucha contra el r\u00e9gimen espa\u00f1ol. Lola fue inspirada por dicho momento y escribi\u00f3 su famoso poema titulado \u00a8A Cuba\u00a8, el cual contiene el inmortal verso: <em>Cuba y Puerto Rico son, de un p\u00e1jaro las dos alas, reciben flores o balas sobre un mismo coraz\u00f3n.<\/em> S\u00f3lo pudo regresar a su pa\u00eds en 1892 porque Do\u00f1a Carmen, su madre, hab\u00eda fallecido y el gobierno permiti\u00f3 su visita por razones de caridad.<\/p>\n\n\n\n<p>All\u00ed en Cuba, Lola se activa contra el imperio espa\u00f1ol. Estalla la Guerra de Independencia y por su apoyo a los independentistas cubanos es expulsada del pa\u00eds junto a su familia. Esta vez llegan a Nueva York en 1896 y de inmediato comienza a trabajar con el Partido Revolucionario Cubano para obtener la independencia de las Antillas, con \u00e9nfasis en Cuba y Puerto Rico. Se activ\u00f3 recaudando fondos para el ej\u00e9rcito cubano y enviando medicinas para las personas heridas durante el conflicto separatista. Por su gesta,&nbsp; el 8 de octubre de 1896 fue homenajeada en el Chickering Hall de Nueva York y en 1897, fue nombrada presidenta honoraria del club revolucionario Rius Rivera.<\/p>\n\n\n\n<p>Luego que los mambises ganaron las batallas en los campos de Cuba y que Estados Unidos ocupara Puerto Rico, Lola regresa con su familia a Cuba en 1899, isla que su vida de exilada llev\u00f3 a considerar su segunda patria. En 1905 muere, luego de 59 a\u00f1os de matrimonio, Bonocio. Se retira unos a\u00f1os para asimilar su nueva etapa y en 1910 comienza a trabajar mano a mano por la educaci\u00f3n de Cuba como supervisora de escuelas. Desde la isla de Mart\u00ed visita otros pa\u00edses, tales como Espa\u00f1a y hasta el mismo Puerto Rico donde su calibre como poeta revolucionaria provocaba que multitudes la recibieran.<\/p>\n\n\n\n<p>En 1924 fallece nuestra Lol\u00edsima. Si bien conocemos su gesta y su poes\u00eda durante su exilio pol\u00edtico, poco sabemos de sus cartas. Lola refleja que la mujer puertorrique\u00f1a fue mucho m\u00e1s en la historia del siglo 19 que lo que hasta ahora se ha publicado, que se vio en los mismos peligros y azares que los varones sumergidos en las luchas pol\u00edticas, sociales y culturales. En este mes de los estudios sociales y la historia, nuestros estudiantes pueden exponerse a algunas de sus cartas all\u00e1 en la casa de San Germ\u00e1n y aprender un poco m\u00e1s de nuestro desarrollo como pa\u00eds pero esta vez visto desde el exilio.<\/p>\n\n\n\n<p><\/p>","protected":false},"excerpt":{"rendered":"<p>Lola Rodr\u00edguez de Ti\u00f3 en el exilio A mis cantares (extracto) Por eso es que tanto quiero Los cantares de mi patria, Ya me anuncien desenga\u00f1os! Ya me anuncien esperanzas!&nbsp;&nbsp;&hellip;<\/p>","protected":false},"author":1,"featured_media":2310,"comment_status":"open","ping_status":"open","sticky":false,"template":"","format":"standard","meta":{"_acf_changed":false,"_coblocks_attr":"","_coblocks_dimensions":"","_coblocks_responsive_height":"","_coblocks_accordion_ie_support":"","footnotes":""},"categories":[63],"tags":[],"class_list":["post-2257","post","type-post","status-publish","format-standard","has-post-thumbnail","hentry","category-blogs"],"acf":[],"yoast_head":"<!-- This site is optimized with the Yoast SEO Premium plugin v23.4 (Yoast SEO v27.5) - https:\/\/yoast.com\/product\/yoast-seo-premium-wordpress\/ -->\n<title>Lola Rodr\u00edguez de Ti\u00f3 en el exilio - Aut\u00f3grafo TV<\/title>\n<meta name=\"robots\" content=\"index, follow, max-snippet:-1, max-image-preview:large, max-video-preview:-1\" \/>\n<link rel=\"canonical\" href=\"https:\/\/autografo.tv\/en\/lola-rodriguez-de-tio-en-el-exilio\/\" \/>\n<meta property=\"og:locale\" content=\"en_US\" \/>\n<meta property=\"og:type\" content=\"article\" \/>\n<meta property=\"og:title\" content=\"Lola Rodr\u00edguez de Ti\u00f3 en el exilio\" \/>\n<meta property=\"og:description\" content=\"Lola Rodr\u00edguez de Ti\u00f3 en el exilio A mis cantares (extracto) Por eso es que tanto quiero Los cantares de mi patria, Ya me anuncien desenga\u00f1os! Ya me anuncien esperanzas!&nbsp;&nbsp;&hellip;\" \/>\n<meta property=\"og:url\" content=\"https:\/\/autografo.tv\/en\/lola-rodriguez-de-tio-en-el-exilio\/\" \/>\n<meta property=\"og:site_name\" content=\"Aut\u00f3grafo TV\" \/>\n<meta property=\"article:publisher\" content=\"https:\/\/www.facebook.com\/autografotv\" \/>\n<meta property=\"article:author\" content=\"https:\/\/www.facebook.com\/autografotv\" \/>\n<meta property=\"article:published_time\" content=\"2024-09-09T12:00:00+00:00\" \/>\n<meta property=\"article:modified_time\" content=\"2024-09-09T14:03:39+00:00\" \/>\n<meta property=\"og:image\" content=\"https:\/\/autografo.tv\/wp-content\/uploads\/2024\/09\/Rodriguez-de-Tio-Lola.jpg\" \/>\n\t<meta property=\"og:image:width\" content=\"1200\" \/>\n\t<meta property=\"og:image:height\" content=\"720\" \/>\n\t<meta property=\"og:image:type\" content=\"image\/jpeg\" \/>\n<meta name=\"author\" content=\"autografotv\" \/>\n<meta name=\"twitter:card\" content=\"summary_large_image\" \/>\n<meta name=\"twitter:creator\" content=\"@autografotv\" \/>\n<meta name=\"twitter:site\" content=\"@autografotv\" \/>\n<meta name=\"twitter:label1\" content=\"Written by\" \/>\n\t<meta name=\"twitter:data1\" content=\"autografotv\" \/>\n\t<meta name=\"twitter:label2\" content=\"Est. reading time\" \/>\n\t<meta name=\"twitter:data2\" content=\"12 minutes\" \/>\n<script type=\"application\/ld+json\" class=\"yoast-schema-graph\">{\"@context\":\"https:\\\/\\\/schema.org\",\"@graph\":[{\"@type\":\"Article\",\"@id\":\"https:\\\/\\\/autografo.tv\\\/lola-rodriguez-de-tio-en-el-exilio\\\/#article\",\"isPartOf\":{\"@id\":\"https:\\\/\\\/autografo.tv\\\/lola-rodriguez-de-tio-en-el-exilio\\\/\"},\"author\":{\"name\":\"autografotv\",\"@id\":\"https:\\\/\\\/autografo.tv\\\/#\\\/schema\\\/person\\\/8d58ff91b340882e3a384fcf4757f4cd\"},\"headline\":\"Lola Rodr\u00edguez de Ti\u00f3 en el exilio\",\"datePublished\":\"2024-09-09T12:00:00+00:00\",\"dateModified\":\"2024-09-09T14:03:39+00:00\",\"mainEntityOfPage\":{\"@id\":\"https:\\\/\\\/autografo.tv\\\/lola-rodriguez-de-tio-en-el-exilio\\\/\"},\"wordCount\":2351,\"commentCount\":0,\"publisher\":{\"@id\":\"https:\\\/\\\/autografo.tv\\\/#organization\"},\"image\":{\"@id\":\"https:\\\/\\\/autografo.tv\\\/lola-rodriguez-de-tio-en-el-exilio\\\/#primaryimage\"},\"thumbnailUrl\":\"https:\\\/\\\/autografo.tv\\\/wp-content\\\/uploads\\\/2024\\\/09\\\/Rodriguez-de-Tio-Lola.jpg\",\"articleSection\":[\"Blogs\"],\"inLanguage\":\"en-US\",\"potentialAction\":[{\"@type\":\"CommentAction\",\"name\":\"Comment\",\"target\":[\"https:\\\/\\\/autografo.tv\\\/lola-rodriguez-de-tio-en-el-exilio\\\/#respond\"]}]},{\"@type\":[\"WebPage\",\"ItemPage\"],\"@id\":\"https:\\\/\\\/autografo.tv\\\/lola-rodriguez-de-tio-en-el-exilio\\\/\",\"url\":\"https:\\\/\\\/autografo.tv\\\/lola-rodriguez-de-tio-en-el-exilio\\\/\",\"name\":\"Lola Rodr\u00edguez de Ti\u00f3 en el exilio - Aut\u00f3grafo TV\",\"isPartOf\":{\"@id\":\"https:\\\/\\\/autografo.tv\\\/#website\"},\"primaryImageOfPage\":{\"@id\":\"https:\\\/\\\/autografo.tv\\\/lola-rodriguez-de-tio-en-el-exilio\\\/#primaryimage\"},\"image\":{\"@id\":\"https:\\\/\\\/autografo.tv\\\/lola-rodriguez-de-tio-en-el-exilio\\\/#primaryimage\"},\"thumbnailUrl\":\"https:\\\/\\\/autografo.tv\\\/wp-content\\\/uploads\\\/2024\\\/09\\\/Rodriguez-de-Tio-Lola.jpg\",\"datePublished\":\"2024-09-09T12:00:00+00:00\",\"dateModified\":\"2024-09-09T14:03:39+00:00\",\"breadcrumb\":{\"@id\":\"https:\\\/\\\/autografo.tv\\\/lola-rodriguez-de-tio-en-el-exilio\\\/#breadcrumb\"},\"inLanguage\":\"en-US\",\"potentialAction\":[{\"@type\":\"ReadAction\",\"target\":[\"https:\\\/\\\/autografo.tv\\\/lola-rodriguez-de-tio-en-el-exilio\\\/\"]}]},{\"@type\":\"ImageObject\",\"inLanguage\":\"en-US\",\"@id\":\"https:\\\/\\\/autografo.tv\\\/lola-rodriguez-de-tio-en-el-exilio\\\/#primaryimage\",\"url\":\"https:\\\/\\\/autografo.tv\\\/wp-content\\\/uploads\\\/2024\\\/09\\\/Rodriguez-de-Tio-Lola.jpg\",\"contentUrl\":\"https:\\\/\\\/autografo.tv\\\/wp-content\\\/uploads\\\/2024\\\/09\\\/Rodriguez-de-Tio-Lola.jpg\",\"width\":1200,\"height\":720},{\"@type\":\"BreadcrumbList\",\"@id\":\"https:\\\/\\\/autografo.tv\\\/lola-rodriguez-de-tio-en-el-exilio\\\/#breadcrumb\",\"itemListElement\":[{\"@type\":\"ListItem\",\"position\":1,\"name\":\"Portada\",\"item\":\"https:\\\/\\\/autografo.tv\\\/\"},{\"@type\":\"ListItem\",\"position\":2,\"name\":\"Lola Rodr\u00edguez de Ti\u00f3 en el exilio\"}]},{\"@type\":\"WebSite\",\"@id\":\"https:\\\/\\\/autografo.tv\\\/#website\",\"url\":\"https:\\\/\\\/autografo.tv\\\/\",\"name\":\"Aut\u00f3grafo TV\",\"description\":\"\",\"publisher\":{\"@id\":\"https:\\\/\\\/autografo.tv\\\/#organization\"},\"potentialAction\":[{\"@type\":\"SearchAction\",\"target\":{\"@type\":\"EntryPoint\",\"urlTemplate\":\"https:\\\/\\\/autografo.tv\\\/?s={search_term_string}\"},\"query-input\":{\"@type\":\"PropertyValueSpecification\",\"valueRequired\":true,\"valueName\":\"search_term_string\"}}],\"inLanguage\":\"en-US\"},{\"@type\":\"Organization\",\"@id\":\"https:\\\/\\\/autografo.tv\\\/#organization\",\"name\":\"Aut\u00f3grafo TV\",\"url\":\"https:\\\/\\\/autografo.tv\\\/\",\"logo\":{\"@type\":\"ImageObject\",\"inLanguage\":\"en-US\",\"@id\":\"https:\\\/\\\/autografo.tv\\\/#\\\/schema\\\/logo\\\/image\\\/\",\"url\":\"https:\\\/\\\/autografo.tv\\\/wp-content\\\/uploads\\\/2025\\\/01\\\/cropped-favicon.png\",\"contentUrl\":\"https:\\\/\\\/autografo.tv\\\/wp-content\\\/uploads\\\/2025\\\/01\\\/cropped-favicon.png\",\"width\":512,\"height\":512,\"caption\":\"Aut\u00f3grafo TV\"},\"image\":{\"@id\":\"https:\\\/\\\/autografo.tv\\\/#\\\/schema\\\/logo\\\/image\\\/\"},\"sameAs\":[\"https:\\\/\\\/www.facebook.com\\\/autografotv\",\"https:\\\/\\\/x.com\\\/autografotv\",\"https:\\\/\\\/www.instagram.com\\\/autografotv\",\"https:\\\/\\\/www.youtube.com\\\/@autografotv\"]},{\"@type\":\"Person\",\"@id\":\"https:\\\/\\\/autografo.tv\\\/#\\\/schema\\\/person\\\/8d58ff91b340882e3a384fcf4757f4cd\",\"name\":\"autografotv\",\"image\":{\"@type\":\"ImageObject\",\"inLanguage\":\"en-US\",\"@id\":\"https:\\\/\\\/secure.gravatar.com\\\/avatar\\\/5eec4eefaa696ce2a3fa86bdf59fdb4d1ced83084b4efc7e1822e7769e4935e4?s=96&d=mm&r=g\",\"url\":\"https:\\\/\\\/secure.gravatar.com\\\/avatar\\\/5eec4eefaa696ce2a3fa86bdf59fdb4d1ced83084b4efc7e1822e7769e4935e4?s=96&d=mm&r=g\",\"contentUrl\":\"https:\\\/\\\/secure.gravatar.com\\\/avatar\\\/5eec4eefaa696ce2a3fa86bdf59fdb4d1ced83084b4efc7e1822e7769e4935e4?s=96&d=mm&r=g\",\"caption\":\"autografotv\"},\"sameAs\":[\"https:\\\/\\\/autografo.tv\",\"https:\\\/\\\/www.facebook.com\\\/autografotv\",\"https:\\\/\\\/www.instagram.com\\\/autografotv\",\"https:\\\/\\\/www.youtube.com\\\/@autografotv\"],\"url\":\"https:\\\/\\\/autografo.tv\\\/en\\\/author\\\/autografotv\\\/\"}]}<\/script>\n<!-- \/ Yoast SEO Premium plugin. -->","yoast_head_json":{"title":"Lola Rodr\u00edguez de Ti\u00f3 en el exilio - Aut\u00f3grafo TV","robots":{"index":"index","follow":"follow","max-snippet":"max-snippet:-1","max-image-preview":"max-image-preview:large","max-video-preview":"max-video-preview:-1"},"canonical":"https:\/\/autografo.tv\/en\/lola-rodriguez-de-tio-en-el-exilio\/","og_locale":"en_US","og_type":"article","og_title":"Lola Rodr\u00edguez de Ti\u00f3 en el exilio","og_description":"Lola Rodr\u00edguez de Ti\u00f3 en el exilio A mis cantares (extracto) Por eso es que tanto quiero Los cantares de mi patria, Ya me anuncien desenga\u00f1os! Ya me anuncien esperanzas!&nbsp;&nbsp;&hellip;","og_url":"https:\/\/autografo.tv\/en\/lola-rodriguez-de-tio-en-el-exilio\/","og_site_name":"Aut\u00f3grafo TV","article_publisher":"https:\/\/www.facebook.com\/autografotv","article_author":"https:\/\/www.facebook.com\/autografotv","article_published_time":"2024-09-09T12:00:00+00:00","article_modified_time":"2024-09-09T14:03:39+00:00","og_image":[{"width":1200,"height":720,"url":"https:\/\/autografo.tv\/wp-content\/uploads\/2024\/09\/Rodriguez-de-Tio-Lola.jpg","type":"image\/jpeg"}],"author":"autografotv","twitter_card":"summary_large_image","twitter_creator":"@autografotv","twitter_site":"@autografotv","twitter_misc":{"Written by":"autografotv","Est. reading time":"12 minutes"},"schema":{"@context":"https:\/\/schema.org","@graph":[{"@type":"Article","@id":"https:\/\/autografo.tv\/lola-rodriguez-de-tio-en-el-exilio\/#article","isPartOf":{"@id":"https:\/\/autografo.tv\/lola-rodriguez-de-tio-en-el-exilio\/"},"author":{"name":"autografotv","@id":"https:\/\/autografo.tv\/#\/schema\/person\/8d58ff91b340882e3a384fcf4757f4cd"},"headline":"Lola Rodr\u00edguez de Ti\u00f3 en el exilio","datePublished":"2024-09-09T12:00:00+00:00","dateModified":"2024-09-09T14:03:39+00:00","mainEntityOfPage":{"@id":"https:\/\/autografo.tv\/lola-rodriguez-de-tio-en-el-exilio\/"},"wordCount":2351,"commentCount":0,"publisher":{"@id":"https:\/\/autografo.tv\/#organization"},"image":{"@id":"https:\/\/autografo.tv\/lola-rodriguez-de-tio-en-el-exilio\/#primaryimage"},"thumbnailUrl":"https:\/\/autografo.tv\/wp-content\/uploads\/2024\/09\/Rodriguez-de-Tio-Lola.jpg","articleSection":["Blogs"],"inLanguage":"en-US","potentialAction":[{"@type":"CommentAction","name":"Comment","target":["https:\/\/autografo.tv\/lola-rodriguez-de-tio-en-el-exilio\/#respond"]}]},{"@type":["WebPage","ItemPage"],"@id":"https:\/\/autografo.tv\/lola-rodriguez-de-tio-en-el-exilio\/","url":"https:\/\/autografo.tv\/lola-rodriguez-de-tio-en-el-exilio\/","name":"Lola Rodr\u00edguez de Ti\u00f3 en el exilio - Aut\u00f3grafo TV","isPartOf":{"@id":"https:\/\/autografo.tv\/#website"},"primaryImageOfPage":{"@id":"https:\/\/autografo.tv\/lola-rodriguez-de-tio-en-el-exilio\/#primaryimage"},"image":{"@id":"https:\/\/autografo.tv\/lola-rodriguez-de-tio-en-el-exilio\/#primaryimage"},"thumbnailUrl":"https:\/\/autografo.tv\/wp-content\/uploads\/2024\/09\/Rodriguez-de-Tio-Lola.jpg","datePublished":"2024-09-09T12:00:00+00:00","dateModified":"2024-09-09T14:03:39+00:00","breadcrumb":{"@id":"https:\/\/autografo.tv\/lola-rodriguez-de-tio-en-el-exilio\/#breadcrumb"},"inLanguage":"en-US","potentialAction":[{"@type":"ReadAction","target":["https:\/\/autografo.tv\/lola-rodriguez-de-tio-en-el-exilio\/"]}]},{"@type":"ImageObject","inLanguage":"en-US","@id":"https:\/\/autografo.tv\/lola-rodriguez-de-tio-en-el-exilio\/#primaryimage","url":"https:\/\/autografo.tv\/wp-content\/uploads\/2024\/09\/Rodriguez-de-Tio-Lola.jpg","contentUrl":"https:\/\/autografo.tv\/wp-content\/uploads\/2024\/09\/Rodriguez-de-Tio-Lola.jpg","width":1200,"height":720},{"@type":"BreadcrumbList","@id":"https:\/\/autografo.tv\/lola-rodriguez-de-tio-en-el-exilio\/#breadcrumb","itemListElement":[{"@type":"ListItem","position":1,"name":"Portada","item":"https:\/\/autografo.tv\/"},{"@type":"ListItem","position":2,"name":"Lola Rodr\u00edguez de Ti\u00f3 en el exilio"}]},{"@type":"WebSite","@id":"https:\/\/autografo.tv\/#website","url":"https:\/\/autografo.tv\/","name":"Aut\u00f3grafo TV","description":"","publisher":{"@id":"https:\/\/autografo.tv\/#organization"},"potentialAction":[{"@type":"SearchAction","target":{"@type":"EntryPoint","urlTemplate":"https:\/\/autografo.tv\/?s={search_term_string}"},"query-input":{"@type":"PropertyValueSpecification","valueRequired":true,"valueName":"search_term_string"}}],"inLanguage":"en-US"},{"@type":"Organization","@id":"https:\/\/autografo.tv\/#organization","name":"Aut\u00f3grafo TV","url":"https:\/\/autografo.tv\/","logo":{"@type":"ImageObject","inLanguage":"en-US","@id":"https:\/\/autografo.tv\/#\/schema\/logo\/image\/","url":"https:\/\/autografo.tv\/wp-content\/uploads\/2025\/01\/cropped-favicon.png","contentUrl":"https:\/\/autografo.tv\/wp-content\/uploads\/2025\/01\/cropped-favicon.png","width":512,"height":512,"caption":"Aut\u00f3grafo TV"},"image":{"@id":"https:\/\/autografo.tv\/#\/schema\/logo\/image\/"},"sameAs":["https:\/\/www.facebook.com\/autografotv","https:\/\/x.com\/autografotv","https:\/\/www.instagram.com\/autografotv","https:\/\/www.youtube.com\/@autografotv"]},{"@type":"Person","@id":"https:\/\/autografo.tv\/#\/schema\/person\/8d58ff91b340882e3a384fcf4757f4cd","name":"autografotv","image":{"@type":"ImageObject","inLanguage":"en-US","@id":"https:\/\/secure.gravatar.com\/avatar\/5eec4eefaa696ce2a3fa86bdf59fdb4d1ced83084b4efc7e1822e7769e4935e4?s=96&d=mm&r=g","url":"https:\/\/secure.gravatar.com\/avatar\/5eec4eefaa696ce2a3fa86bdf59fdb4d1ced83084b4efc7e1822e7769e4935e4?s=96&d=mm&r=g","contentUrl":"https:\/\/secure.gravatar.com\/avatar\/5eec4eefaa696ce2a3fa86bdf59fdb4d1ced83084b4efc7e1822e7769e4935e4?s=96&d=mm&r=g","caption":"autografotv"},"sameAs":["https:\/\/autografo.tv","https:\/\/www.facebook.com\/autografotv","https:\/\/www.instagram.com\/autografotv","https:\/\/www.youtube.com\/@autografotv"],"url":"https:\/\/autografo.tv\/en\/author\/autografotv\/"}]}},"_links":{"self":[{"href":"https:\/\/autografo.tv\/en\/wp-json\/wp\/v2\/posts\/2257","targetHints":{"allow":["GET"]}}],"collection":[{"href":"https:\/\/autografo.tv\/en\/wp-json\/wp\/v2\/posts"}],"about":[{"href":"https:\/\/autografo.tv\/en\/wp-json\/wp\/v2\/types\/post"}],"author":[{"embeddable":true,"href":"https:\/\/autografo.tv\/en\/wp-json\/wp\/v2\/users\/1"}],"replies":[{"embeddable":true,"href":"https:\/\/autografo.tv\/en\/wp-json\/wp\/v2\/comments?post=2257"}],"version-history":[{"count":3,"href":"https:\/\/autografo.tv\/en\/wp-json\/wp\/v2\/posts\/2257\/revisions"}],"predecessor-version":[{"id":2260,"href":"https:\/\/autografo.tv\/en\/wp-json\/wp\/v2\/posts\/2257\/revisions\/2260"}],"wp:featuredmedia":[{"embeddable":true,"href":"https:\/\/autografo.tv\/en\/wp-json\/wp\/v2\/media\/2310"}],"wp:attachment":[{"href":"https:\/\/autografo.tv\/en\/wp-json\/wp\/v2\/media?parent=2257"}],"wp:term":[{"taxonomy":"category","embeddable":true,"href":"https:\/\/autografo.tv\/en\/wp-json\/wp\/v2\/categories?post=2257"},{"taxonomy":"post_tag","embeddable":true,"href":"https:\/\/autografo.tv\/en\/wp-json\/wp\/v2\/tags?post=2257"}],"curies":[{"name":"wp","href":"https:\/\/api.w.org\/{rel}","templated":true}]}}